{"id":14676,"date":"2026-08-31T09:18:26","date_gmt":"2026-08-31T07:18:26","guid":{"rendered":"https:\/\/strail.de\/?p=14676"},"modified":"2026-09-01T09:22:09","modified_gmt":"2026-09-01T07:22:09","slug":"biztonsagos-vasuti-atjaro-optimalis-vizelvezetessel","status":"publish","type":"post","link":"https:\/\/strail.de\/hu\/biztonsagos-vasuti-atjaro-optimalis-vizelvezetessel\/","title":{"rendered":"Biztons\u00e1gos vas\u00fati \u00e1tj\u00e1r\u00f3 optim\u00e1lis v\u00edzelvezet\u00e9ssel"},"content":{"rendered":"<div class=\"wp-block-group has-global-padding is-layout-constrained wp-block-group-is-layout-constrained\" style=\"margin-top:var(--wp--preset--spacing--80)\">\n<div class=\"wp-block-columns is-layout-flex wp-container-core-columns-is-layout-28f84493 wp-block-columns-is-layout-flex\">\n<div class=\"wp-block-column is-layout-flow wp-block-column-is-layout-flow\" style=\"flex-basis:33.33%\">\n<div class=\"wp-block-group refs product_img_slider- mob-1 slider-gap-16 noloop lightbox is-layout-grid wp-container-core-group-is-layout-b757edec wp-block-group-is-layout-grid\">\n<figure class=\"wp-block-image size-full\"><img decoding=\"async\" width=\"1000\" height=\"1000\" src=\"https:\/\/strail.de\/wp-content\/uploads\/2026\/08\/D-Bord-Sasso-Marconi-IT.jpg\" alt=\"D-szeg&#xE9;lygerenda az optim&#xE1;lis v&#xED;zelvezet&#xE9;s&#xE9;rt Olaszorsz&#xE1;gban\" class=\"wp-image-14664\" style=\"object-fit:cover\" srcset=\"https:\/\/strail.de\/wp-content\/uploads\/2026\/08\/D-Bord-Sasso-Marconi-IT.jpg 1000w,  https:\/\/strail.de\/wp-content\/uploads\/2026\/08\/D-Bord-Sasso-Marconi-IT-300x300.jpg 300w,  https:\/\/strail.de\/wp-content\/uploads\/2026\/08\/D-Bord-Sasso-Marconi-IT-150x150.jpg 150w,  https:\/\/strail.de\/wp-content\/uploads\/2026\/08\/D-Bord-Sasso-Marconi-IT-500x500.jpg 500w\" sizes=\"(max-width: 480px) 150px, (max-width: 767px) 150px, (max-width: 1399px) 600px, (max-width: 1999px) 700px, 1000px\" \/><\/figure>\n<\/div>\n<\/div>\n\n\n\n<div class=\"wp-block-column is-layout-flow wp-block-column-is-layout-flow\" style=\"flex-basis:66.66%\"><h1 class=\"wp-block-post-title has-detailpages-heading-font-size\">Biztons\u00e1gos vas\u00fati \u00e1tj\u00e1r\u00f3 optim\u00e1lis v\u00edzelvezet\u00e9ssel<\/h1>\n\n\n<p class=\"has-medium-font-size\">Adatok<\/p>\n\n\n\n<ul class=\"wp-block-list\">\n<li class=\"ort_icon\"><strong>Helysz\u00edn:<\/strong> Bologna\u2013Pistoia (Porrettana) vas\u00fatvonal, Olaszorsz\u00e1g<\/li>\n\n\n\n<li class=\"zeitraum_icon\"><strong>Id\u0151szak:<\/strong> 2026. j\u00falius\u2013augusztus<\/li>\n\n\n\n<li class=\"bauherr_icon\"><strong>Megrendel\u0151:<\/strong> Costruzioni Linee Ferroviarie s.p.a.<\/li>\n\n\n\n<li class=\"produkte_icon\"><strong>Term\u00e9kek:<\/strong> strail 1200, D-szeg\u00e9lygerenda<\/li>\n\n\n\n<li class=\"laenge_icon\"><strong>Hossz\/mennyis\u00e9g:<\/strong> 12 m<\/li>\n<\/ul>\n\n\n\n<hr class=\"wp-block-separator has-alpha-channel-opacity\"\/>\n\n\n\n<p class=\"has-medium-font-size\">El\u0151ny\u00f6k<\/p>\n\n\n\n<ul class=\"wp-block-list\">\n<li>A D-t\u00edpus\u00fa szeg\u00e9lygerend\u00e1k szerkezet\u00fckben megegyeznek a T-t\u00edpus\u00fa szeg\u00e9lygerend\u00e1kkal, \u00e9s emellett be\u00e9p\u00edtett v\u00edzelvezet\u0151 rendszerrel is rendelkeznek<\/li>\n\n\n\n<li>Az \u00fatr\u00f3l lez\u00fadul\u00f3 felsz\u00edni v\u00edz a vas\u00fati \u00e1tj\u00e1r\u00f3t\u00f3l t\u00e1vol marad, \u00e9s a talajba sziv\u00e1roghat.<\/li>\n\n\n\n<li>Nagy terhel\u00e9snek ellen\u00e1ll\u00f3, tart\u00f3s vas\u00fati \u00e1tj\u00e1r\u00f3-rendszer<\/li>\n<\/ul>\n\n\n\n<hr class=\"wp-block-separator has-alpha-channel-opacity\"\/>\n\n\n\n<p class=\"has-medium-font-size\">A projekt le\u00edr\u00e1sa<\/p>\n\n\n\n<p>A Bologna\u2013Pistoia vas\u00fatvonal \u2013 m\u00e1s n\u00e9ven Porrettana \u2013 magas k\u00f6vetelm\u00e9nyeket t\u00e1maszt az infrastrukt\u00far\u00e1val szemben. Egy vas\u00fati \u00e1tj\u00e1r\u00f3 fel\u00faj\u00edt\u00e1sa keret\u00e9ben az olasz RFI infrastrukt\u00fara-t\u00e1rsas\u00e1g 12 m\u00e9ter hossz\u00fas\u00e1gon alkalmazta a bev\u00e1lt strail vas\u00fati \u00e1tj\u00e1r\u00f3-rendszert. <\/p>\n\n\n\n<p>A helysz\u00ednen k\u00fcl\u00f6n\u00f6s kih\u00edv\u00e1st jelentett a bonyolult v\u00edzelvezet\u00e9si helyzet. Annak \u00e9rdek\u00e9ben, hogy a csapad\u00e9kvizet az \u00e1tmeneti ter\u00fcleten c\u00e9lzottan \u00e9s megb\u00edzhat\u00f3an elvezess\u00e9k, a fel\u00faj\u00edt\u00e1s keret\u00e9ben el\u0151sz\u00f6r alkalmaztak D-t\u00edpus\u00fa szeg\u00e9lyk\u00f6veket: <\/p>\n\n\n\n<ul class=\"wp-block-list\">\n<li><strong>Innovat\u00edv kombin\u00e1ci\u00f3:<\/strong> A strail \u00e9s a D-szeg\u00e9lygerenda egy\u00fcttes be\u00e9p\u00edt\u00e9se tart\u00f3s megold\u00e1st ny\u00fajt a fenn\u00e1ll\u00f3 v\u00edzelvezet\u00e9si probl\u00e9m\u00e1ra, \u00e9s megv\u00e9di a fel\u00e9p\u00edtm\u00e9nyt a nedvess\u00e9g okozta k\u00e1rosod\u00e1sokt\u00f3l.<\/li>\n\n\n\n<li><strong>Maxim\u00e1lis stabilit\u00e1s \u00e9s tart\u00f3ss\u00e1g:<\/strong> A rugalmas vas\u00fati \u00e1tj\u00e1r\u00f3-rendszer optim\u00e1lisan elnyeli a k\u00f6z\u00fati forgalom \u00e1ltal okozott terhel\u00e9seket.<\/li>\n\n\n\n<li><strong>Hat\u00e9kony kivitelez\u00e9s:<\/strong> A fel\u00faj\u00edt\u00e1st 2026 nyar\u00e1n gyorsan befejezt\u00e9k, \u00edgy a vas\u00fati \u00e9s k\u00f6z\u00fati forgalom lez\u00e1r\u00e1s\u00e1nak id\u0151tartam\u00e1t a lehet\u0151 legr\u00f6videbbre siker\u00fclt cs\u00f6kkenteni.<\/li>\n<\/ul>\n\n\n\n<div class=\"wp-block-group product_img_slider- mob-1 tab-2 desk-3 slider-gap-16 noloop lightbox is-layout-grid wp-container-core-group-is-layout-acc8bb78 wp-block-group-is-layout-grid\">\n<figure class=\"wp-block-image size-full\"><img decoding=\"async\" width=\"1000\" height=\"1000\" src=\"https:\/\/strail.de\/wp-content\/uploads\/2026\/08\/D-Bord-Sasso-Marconi-IT-2.jpg\" alt=\"V&#xED;zelvezet&#x151; szeg&#xE9;lygerenda a vas&#xFA;ti &#xE1;tj&#xE1;r&#xF3; fel&#xFA;j&#xED;t&#xE1;sakor Olaszorsz&#xE1;gban\" class=\"wp-image-14665\" style=\"aspect-ratio:1;object-fit:cover\" srcset=\"https:\/\/strail.de\/wp-content\/uploads\/2026\/08\/D-Bord-Sasso-Marconi-IT-2.jpg 1000w,  https:\/\/strail.de\/wp-content\/uploads\/2026\/08\/D-Bord-Sasso-Marconi-IT-2-300x300.jpg 300w,  https:\/\/strail.de\/wp-content\/uploads\/2026\/08\/D-Bord-Sasso-Marconi-IT-2-150x150.jpg 150w,  https:\/\/strail.de\/wp-content\/uploads\/2026\/08\/D-Bord-Sasso-Marconi-IT-2-500x500.jpg 500w\" sizes=\"(max-width: 480px) 150px, (max-width: 767px) 150px, (max-width: 1399px) 600px, (max-width: 1999px) 700px, 1000px\" \/><\/figure>\n\n\n\n<figure class=\"wp-block-image size-full wp-container-content-e269605d\"><img decoding=\"async\" width=\"1000\" height=\"1000\" src=\"https:\/\/strail.de\/wp-content\/uploads\/2026\/08\/D-Bord-Sasso-Marconi-IT-3.jpg\" alt=\"D-szeg&#xE9;lygerenda a strail vas&#xFA;ti &#xE1;tj&#xE1;r&#xF3;-rendszerrel kombin&#xE1;lva\" class=\"wp-image-14663\" style=\"aspect-ratio:1;object-fit:cover\" srcset=\"https:\/\/strail.de\/wp-content\/uploads\/2026\/08\/D-Bord-Sasso-Marconi-IT-3.jpg 1000w,  https:\/\/strail.de\/wp-content\/uploads\/2026\/08\/D-Bord-Sasso-Marconi-IT-3-300x300.jpg 300w,  https:\/\/strail.de\/wp-content\/uploads\/2026\/08\/D-Bord-Sasso-Marconi-IT-3-150x150.jpg 150w,  https:\/\/strail.de\/wp-content\/uploads\/2026\/08\/D-Bord-Sasso-Marconi-IT-3-500x500.jpg 500w\" sizes=\"(max-width: 480px) 150px, (max-width: 767px) 150px, (max-width: 1399px) 600px, (max-width: 1999px) 700px, 1000px\" \/><\/figure>\n\n\n\n<figure class=\"wp-block-image size-full\"><img decoding=\"async\" width=\"1000\" height=\"1000\" src=\"https:\/\/strail.de\/wp-content\/uploads\/2026\/08\/D-Bord-Sasso-Marconi-IT-4.jpg\" alt=\"V&#xED;zelvezet&#x151; szeg&#xE9;lygerenda a felsz&#xED;ni v&#xED;z optim&#xE1;lis elvezet&#xE9;s&#xE9;hez\" class=\"wp-image-14662\" style=\"aspect-ratio:1;object-fit:cover\" srcset=\"https:\/\/strail.de\/wp-content\/uploads\/2026\/08\/D-Bord-Sasso-Marconi-IT-4.jpg 1000w,  https:\/\/strail.de\/wp-content\/uploads\/2026\/08\/D-Bord-Sasso-Marconi-IT-4-300x300.jpg 300w,  https:\/\/strail.de\/wp-content\/uploads\/2026\/08\/D-Bord-Sasso-Marconi-IT-4-150x150.jpg 150w,  https:\/\/strail.de\/wp-content\/uploads\/2026\/08\/D-Bord-Sasso-Marconi-IT-4-500x500.jpg 500w\" sizes=\"(max-width: 480px) 150px, (max-width: 767px) 150px, (max-width: 1399px) 600px, (max-width: 1999px) 700px, 1000px\" \/><\/figure>\n<\/div>\n<\/div>\n<\/div>\n<\/div>","protected":false},"excerpt":{"rendered":"<p>Adatok El\u0151ny\u00f6k A projekt le\u00edr\u00e1sa A Bologna\u2013Pistoia vas\u00fatvonal \u2013 m\u00e1s n\u00e9ven Porrettana \u2013 magas k\u00f6vetelm\u00e9nyeket t\u00e1maszt az infrastrukt\u00far\u00e1val szemben. Egy vas\u00fati \u00e1tj\u00e1r\u00f3 fel\u00faj\u00edt\u00e1sa keret\u00e9ben az olasz RFI infrastrukt\u00fara-t\u00e1rsas\u00e1g 12 m\u00e9ter hossz\u00fas\u00e1gon alkalmazta a bev\u00e1lt strail vas\u00fati \u00e1tj\u00e1r\u00f3-rendszert. A helysz\u00ednen k\u00fcl\u00f6n\u00f6s kih\u00edv\u00e1st jelentett a bonyolult v\u00edzelvezet\u00e9si helyzet. Annak \u00e9rdek\u00e9ben, hogy a csapad\u00e9kvizet az \u00e1tmeneti ter\u00fcleten c\u00e9lzottan [&hellip;]<\/p>","protected":false},"author":12,"featured_media":14677,"comment_status":"closed","ping_status":"closed","sticky":false,"template":"","format":"standard","meta":{"_acf_changed":false,"_expiration_date":"","footnotes":""},"categories":[897],"tags":[],"download-filter":[924,1392],"filter-stellenanzeigen":[],"class_list":["post-14676","post","type-post","status-publish","format-standard","has-post-thumbnail","hentry","category-referenciak"],"acf":[],"yoast_head":"<!-- This site is optimized with the Yoast SEO plugin v28.0 - https:\/\/yoast.com\/product\/yoast-seo-wordpress\/ -->\n<title>Biztons\u00e1gos vas\u00fati \u00e1tj\u00e1r\u00f3 optim\u00e1lis v\u00edzelvezet\u00e9ssel - KRAIBURG STRAIL<\/title>\n<meta name=\"description\" content=\"A hagyom\u00e1nyokban gazdag Porrettana vas\u00fatvonalon (Bologna\u2013Pistoia) egy vas\u00fati \u00e1tj\u00e1r\u00f3 fel\u00faj\u00edt\u00e1sa sor\u00e1n az RFI a strailt D-szeg\u00e9lygerend\u00e1val kombin\u00e1lva alkalmazta, hogy tart\u00f3san megoldja a helyi v\u00edzelvezet\u00e9si probl\u00e9m\u00e1t.\" \/>\n<meta name=\"robots\" content=\"index, follow, max-snippet:-1, max-image-preview:large, max-video-preview:-1\" \/>\n<link rel=\"canonical\" href=\"https:\/\/strail.de\/hu\/biztonsagos-vasuti-atjaro-optimalis-vizelvezetessel\/\" \/>\n<meta property=\"og:locale\" content=\"hu_HU\" \/>\n<meta property=\"og:type\" content=\"article\" \/>\n<meta property=\"og:title\" content=\"Biztons\u00e1gos vas\u00fati \u00e1tj\u00e1r\u00f3 optim\u00e1lis v\u00edzelvezet\u00e9ssel - KRAIBURG STRAIL\" \/>\n<meta property=\"og:description\" content=\"A hagyom\u00e1nyokban gazdag Porrettana vas\u00fatvonalon (Bologna\u2013Pistoia) egy vas\u00fati \u00e1tj\u00e1r\u00f3 fel\u00faj\u00edt\u00e1sa sor\u00e1n az RFI a strailt D-szeg\u00e9lygerend\u00e1val kombin\u00e1lva alkalmazta, hogy tart\u00f3san megoldja a helyi v\u00edzelvezet\u00e9si probl\u00e9m\u00e1t.\" \/>\n<meta property=\"og:url\" content=\"https:\/\/strail.de\/hu\/biztonsagos-vasuti-atjaro-optimalis-vizelvezetessel\/\" \/>\n<meta property=\"og:site_name\" content=\"KRAIBURG STRAIL\" \/>\n<meta property=\"article:published_time\" content=\"2026-08-31T07:18:26+00:00\" \/>\n<meta property=\"article:modified_time\" content=\"2026-09-01T07:22:09+00:00\" \/>\n<meta property=\"og:image\" content=\"https:\/\/strail.de\/wp-content\/uploads\/2026\/08\/D-Bord-Sasso-Marconi-IT.jpg\" \/>\n\t<meta property=\"og:image:width\" content=\"1000\" \/>\n\t<meta property=\"og:image:height\" content=\"1000\" \/>\n\t<meta property=\"og:image:type\" content=\"image\/jpeg\" \/>\n<meta name=\"author\" content=\"Admin Carola Zattler\" \/>\n<meta name=\"twitter:card\" content=\"summary_large_image\" \/>\n<meta name=\"twitter:label1\" content=\"Szerz\u0151:\" \/>\n\t<meta name=\"twitter:data1\" content=\"Admin Carola Zattler\" \/>\n\t<meta name=\"twitter:label2\" content=\"Becs\u00fclt olvas\u00e1si id\u0151\" \/>\n\t<meta name=\"twitter:data2\" content=\"2 perc\" \/>\n<script type=\"application\/ld+json\" class=\"yoast-schema-graph\">{\"@context\":\"https:\\\/\\\/schema.org\",\"@graph\":[{\"@type\":\"Article\",\"@id\":\"https:\\\/\\\/strail.de\\\/hu\\\/biztonsagos-vasuti-atjaro-optimalis-vizelvezetessel\\\/#article\",\"isPartOf\":{\"@id\":\"https:\\\/\\\/strail.de\\\/hu\\\/biztonsagos-vasuti-atjaro-optimalis-vizelvezetessel\\\/\"},\"author\":{\"name\":\"Admin Carola Zattler\",\"@id\":\"https:\\\/\\\/strail.de\\\/hu\\\/#\\\/schema\\\/person\\\/31b545e94bb06da21c3addaac831bd90\"},\"headline\":\"Biztons\u00e1gos vas\u00fati \u00e1tj\u00e1r\u00f3 optim\u00e1lis v\u00edzelvezet\u00e9ssel\",\"datePublished\":\"2026-08-31T07:18:26+00:00\",\"dateModified\":\"2026-09-01T07:22:09+00:00\",\"mainEntityOfPage\":{\"@id\":\"https:\\\/\\\/strail.de\\\/hu\\\/biztonsagos-vasuti-atjaro-optimalis-vizelvezetessel\\\/\"},\"wordCount\":329,\"publisher\":{\"@id\":\"https:\\\/\\\/strail.de\\\/hu\\\/#organization\"},\"image\":{\"@id\":\"https:\\\/\\\/strail.de\\\/hu\\\/biztonsagos-vasuti-atjaro-optimalis-vizelvezetessel\\\/#primaryimage\"},\"thumbnailUrl\":\"https:\\\/\\\/strail.de\\\/wp-content\\\/uploads\\\/2026\\\/08\\\/D-Bord-Sasso-Marconi-IT.jpg\",\"articleSection\":[\"Referenci\u00e1k\"],\"inLanguage\":\"hu\"},{\"@type\":\"WebPage\",\"@id\":\"https:\\\/\\\/strail.de\\\/hu\\\/biztonsagos-vasuti-atjaro-optimalis-vizelvezetessel\\\/\",\"url\":\"https:\\\/\\\/strail.de\\\/hu\\\/biztonsagos-vasuti-atjaro-optimalis-vizelvezetessel\\\/\",\"name\":\"Biztons\u00e1gos vas\u00fati \u00e1tj\u00e1r\u00f3 optim\u00e1lis v\u00edzelvezet\u00e9ssel - KRAIBURG STRAIL\",\"isPartOf\":{\"@id\":\"https:\\\/\\\/strail.de\\\/hu\\\/#website\"},\"primaryImageOfPage\":{\"@id\":\"https:\\\/\\\/strail.de\\\/hu\\\/biztonsagos-vasuti-atjaro-optimalis-vizelvezetessel\\\/#primaryimage\"},\"image\":{\"@id\":\"https:\\\/\\\/strail.de\\\/hu\\\/biztonsagos-vasuti-atjaro-optimalis-vizelvezetessel\\\/#primaryimage\"},\"thumbnailUrl\":\"https:\\\/\\\/strail.de\\\/wp-content\\\/uploads\\\/2026\\\/08\\\/D-Bord-Sasso-Marconi-IT.jpg\",\"datePublished\":\"2026-08-31T07:18:26+00:00\",\"dateModified\":\"2026-09-01T07:22:09+00:00\",\"description\":\"A hagyom\u00e1nyokban gazdag Porrettana vas\u00fatvonalon (Bologna\u2013Pistoia) egy vas\u00fati \u00e1tj\u00e1r\u00f3 fel\u00faj\u00edt\u00e1sa sor\u00e1n az RFI a strailt D-szeg\u00e9lygerend\u00e1val kombin\u00e1lva alkalmazta, hogy tart\u00f3san megoldja a helyi v\u00edzelvezet\u00e9si probl\u00e9m\u00e1t.\",\"breadcrumb\":{\"@id\":\"https:\\\/\\\/strail.de\\\/hu\\\/biztonsagos-vasuti-atjaro-optimalis-vizelvezetessel\\\/#breadcrumb\"},\"inLanguage\":\"hu\",\"potentialAction\":[{\"@type\":\"ReadAction\",\"target\":[\"https:\\\/\\\/strail.de\\\/hu\\\/biztonsagos-vasuti-atjaro-optimalis-vizelvezetessel\\\/\"]}]},{\"@type\":\"ImageObject\",\"inLanguage\":\"hu\",\"@id\":\"https:\\\/\\\/strail.de\\\/hu\\\/biztonsagos-vasuti-atjaro-optimalis-vizelvezetessel\\\/#primaryimage\",\"url\":\"https:\\\/\\\/strail.de\\\/wp-content\\\/uploads\\\/2026\\\/08\\\/D-Bord-Sasso-Marconi-IT.jpg\",\"contentUrl\":\"https:\\\/\\\/strail.de\\\/wp-content\\\/uploads\\\/2026\\\/08\\\/D-Bord-Sasso-Marconi-IT.jpg\",\"width\":1000,\"height\":1000,\"caption\":\"D-szeg\u00e9lygerenda az optim\u00e1lis v\u00edzelvezet\u00e9s\u00e9rt Olaszorsz\u00e1gban\"},{\"@type\":\"BreadcrumbList\",\"@id\":\"https:\\\/\\\/strail.de\\\/hu\\\/biztonsagos-vasuti-atjaro-optimalis-vizelvezetessel\\\/#breadcrumb\",\"itemListElement\":[{\"@type\":\"ListItem\",\"position\":1,\"name\":\"Start\",\"item\":\"https:\\\/\\\/strail.de\\\/hu\\\/\"},{\"@type\":\"ListItem\",\"position\":2,\"name\":\"Biztons\u00e1gos vas\u00fati \u00e1tj\u00e1r\u00f3 optim\u00e1lis v\u00edzelvezet\u00e9ssel\"}]},{\"@type\":\"WebSite\",\"@id\":\"https:\\\/\\\/strail.de\\\/hu\\\/#website\",\"url\":\"https:\\\/\\\/strail.de\\\/hu\\\/\",\"name\":\"KRAIBURG STRAIL\",\"description\":\"\",\"publisher\":{\"@id\":\"https:\\\/\\\/strail.de\\\/hu\\\/#organization\"},\"potentialAction\":[{\"@type\":\"SearchAction\",\"target\":{\"@type\":\"EntryPoint\",\"urlTemplate\":\"https:\\\/\\\/strail.de\\\/hu\\\/?s={search_term_string}\"},\"query-input\":{\"@type\":\"PropertyValueSpecification\",\"valueRequired\":true,\"valueName\":\"search_term_string\"}}],\"inLanguage\":\"hu\"},{\"@type\":\"Organization\",\"@id\":\"https:\\\/\\\/strail.de\\\/hu\\\/#organization\",\"name\":\"KRAIBURG STRAIL\",\"url\":\"https:\\\/\\\/strail.de\\\/hu\\\/\",\"logo\":{\"@type\":\"ImageObject\",\"inLanguage\":\"hu\",\"@id\":\"https:\\\/\\\/strail.de\\\/hu\\\/#\\\/schema\\\/logo\\\/image\\\/\",\"url\":\"https:\\\/\\\/strail.de\\\/wp-content\\\/uploads\\\/2025\\\/08\\\/STRAIL-Logo.svg\",\"contentUrl\":\"https:\\\/\\\/strail.de\\\/wp-content\\\/uploads\\\/2025\\\/08\\\/STRAIL-Logo.svg\",\"caption\":\"KRAIBURG STRAIL\"},\"image\":{\"@id\":\"https:\\\/\\\/strail.de\\\/hu\\\/#\\\/schema\\\/logo\\\/image\\\/\"},\"address\":{\"@type\":\"PostalAddress\",\"addressCountry\":\"DE\"},\"location\":[{\"@type\":\"Place\",\"name\":null,\"address\":{\"@type\":\"PostalAddress\",\"addressCountry\":\"DE\"}}]},{\"@type\":\"Person\",\"@id\":\"https:\\\/\\\/strail.de\\\/hu\\\/#\\\/schema\\\/person\\\/31b545e94bb06da21c3addaac831bd90\",\"name\":\"Admin Carola Zattler\",\"image\":{\"@type\":\"ImageObject\",\"inLanguage\":\"hu\",\"@id\":\"https:\\\/\\\/secure.gravatar.com\\\/avatar\\\/fe3f0c598629ab1a04f9e03b80ce8c6d8b6e0e6103d4eb3a6cec203aff7529e3?s=96&d=mm&r=g\",\"url\":\"https:\\\/\\\/secure.gravatar.com\\\/avatar\\\/fe3f0c598629ab1a04f9e03b80ce8c6d8b6e0e6103d4eb3a6cec203aff7529e3?s=96&d=mm&r=g\",\"contentUrl\":\"https:\\\/\\\/secure.gravatar.com\\\/avatar\\\/fe3f0c598629ab1a04f9e03b80ce8c6d8b6e0e6103d4eb3a6cec203aff7529e3?s=96&d=mm&r=g\",\"caption\":\"Admin Carola Zattler\"},\"url\":\"https:\\\/\\\/strail.de\\\/hu\\\/author\\\/admin-carola-zattler\\\/\"}]}<\/script>\n<!-- \/ Yoast SEO plugin. -->","yoast_head_json":{"title":"Biztons\u00e1gos vas\u00fati \u00e1tj\u00e1r\u00f3 optim\u00e1lis v\u00edzelvezet\u00e9ssel - KRAIBURG STRAIL","description":"A hagyom\u00e1nyokban gazdag Porrettana vas\u00fatvonalon (Bologna\u2013Pistoia) egy vas\u00fati \u00e1tj\u00e1r\u00f3 fel\u00faj\u00edt\u00e1sa sor\u00e1n az RFI a strailt D-szeg\u00e9lygerend\u00e1val kombin\u00e1lva alkalmazta, hogy tart\u00f3san megoldja a helyi v\u00edzelvezet\u00e9si probl\u00e9m\u00e1t.","robots":{"index":"index","follow":"follow","max-snippet":"max-snippet:-1","max-image-preview":"max-image-preview:large","max-video-preview":"max-video-preview:-1"},"canonical":"https:\/\/strail.de\/hu\/biztonsagos-vasuti-atjaro-optimalis-vizelvezetessel\/","og_locale":"hu_HU","og_type":"article","og_title":"Biztons\u00e1gos vas\u00fati \u00e1tj\u00e1r\u00f3 optim\u00e1lis v\u00edzelvezet\u00e9ssel - KRAIBURG STRAIL","og_description":"A hagyom\u00e1nyokban gazdag Porrettana vas\u00fatvonalon (Bologna\u2013Pistoia) egy vas\u00fati \u00e1tj\u00e1r\u00f3 fel\u00faj\u00edt\u00e1sa sor\u00e1n az RFI a strailt D-szeg\u00e9lygerend\u00e1val kombin\u00e1lva alkalmazta, hogy tart\u00f3san megoldja a helyi v\u00edzelvezet\u00e9si probl\u00e9m\u00e1t.","og_url":"https:\/\/strail.de\/hu\/biztonsagos-vasuti-atjaro-optimalis-vizelvezetessel\/","og_site_name":"KRAIBURG STRAIL","article_published_time":"2026-08-31T07:18:26+00:00","article_modified_time":"2026-09-01T07:22:09+00:00","og_image":[{"width":1000,"height":1000,"url":"https:\/\/strail.de\/wp-content\/uploads\/2026\/08\/D-Bord-Sasso-Marconi-IT.jpg","type":"image\/jpeg"}],"author":"Admin Carola Zattler","twitter_card":"summary_large_image","twitter_misc":{"Szerz\u0151:":"Admin Carola Zattler","Becs\u00fclt olvas\u00e1si id\u0151":"2 perc"},"schema":{"@context":"https:\/\/schema.org","@graph":[{"@type":"Article","@id":"https:\/\/strail.de\/hu\/biztonsagos-vasuti-atjaro-optimalis-vizelvezetessel\/#article","isPartOf":{"@id":"https:\/\/strail.de\/hu\/biztonsagos-vasuti-atjaro-optimalis-vizelvezetessel\/"},"author":{"name":"Admin Carola Zattler","@id":"https:\/\/strail.de\/hu\/#\/schema\/person\/31b545e94bb06da21c3addaac831bd90"},"headline":"Biztons\u00e1gos vas\u00fati \u00e1tj\u00e1r\u00f3 optim\u00e1lis v\u00edzelvezet\u00e9ssel","datePublished":"2026-08-31T07:18:26+00:00","dateModified":"2026-09-01T07:22:09+00:00","mainEntityOfPage":{"@id":"https:\/\/strail.de\/hu\/biztonsagos-vasuti-atjaro-optimalis-vizelvezetessel\/"},"wordCount":329,"publisher":{"@id":"https:\/\/strail.de\/hu\/#organization"},"image":{"@id":"https:\/\/strail.de\/hu\/biztonsagos-vasuti-atjaro-optimalis-vizelvezetessel\/#primaryimage"},"thumbnailUrl":"https:\/\/strail.de\/wp-content\/uploads\/2026\/08\/D-Bord-Sasso-Marconi-IT.jpg","articleSection":["Referenci\u00e1k"],"inLanguage":"hu"},{"@type":"WebPage","@id":"https:\/\/strail.de\/hu\/biztonsagos-vasuti-atjaro-optimalis-vizelvezetessel\/","url":"https:\/\/strail.de\/hu\/biztonsagos-vasuti-atjaro-optimalis-vizelvezetessel\/","name":"Biztons\u00e1gos vas\u00fati \u00e1tj\u00e1r\u00f3 optim\u00e1lis v\u00edzelvezet\u00e9ssel - KRAIBURG STRAIL","isPartOf":{"@id":"https:\/\/strail.de\/hu\/#website"},"primaryImageOfPage":{"@id":"https:\/\/strail.de\/hu\/biztonsagos-vasuti-atjaro-optimalis-vizelvezetessel\/#primaryimage"},"image":{"@id":"https:\/\/strail.de\/hu\/biztonsagos-vasuti-atjaro-optimalis-vizelvezetessel\/#primaryimage"},"thumbnailUrl":"https:\/\/strail.de\/wp-content\/uploads\/2026\/08\/D-Bord-Sasso-Marconi-IT.jpg","datePublished":"2026-08-31T07:18:26+00:00","dateModified":"2026-09-01T07:22:09+00:00","description":"A hagyom\u00e1nyokban gazdag Porrettana vas\u00fatvonalon (Bologna\u2013Pistoia) egy vas\u00fati \u00e1tj\u00e1r\u00f3 fel\u00faj\u00edt\u00e1sa sor\u00e1n az RFI a strailt D-szeg\u00e9lygerend\u00e1val kombin\u00e1lva alkalmazta, hogy tart\u00f3san megoldja a helyi v\u00edzelvezet\u00e9si probl\u00e9m\u00e1t.","breadcrumb":{"@id":"https:\/\/strail.de\/hu\/biztonsagos-vasuti-atjaro-optimalis-vizelvezetessel\/#breadcrumb"},"inLanguage":"hu","potentialAction":[{"@type":"ReadAction","target":["https:\/\/strail.de\/hu\/biztonsagos-vasuti-atjaro-optimalis-vizelvezetessel\/"]}]},{"@type":"ImageObject","inLanguage":"hu","@id":"https:\/\/strail.de\/hu\/biztonsagos-vasuti-atjaro-optimalis-vizelvezetessel\/#primaryimage","url":"https:\/\/strail.de\/wp-content\/uploads\/2026\/08\/D-Bord-Sasso-Marconi-IT.jpg","contentUrl":"https:\/\/strail.de\/wp-content\/uploads\/2026\/08\/D-Bord-Sasso-Marconi-IT.jpg","width":1000,"height":1000,"caption":"D-szeg\u00e9lygerenda az optim\u00e1lis v\u00edzelvezet\u00e9s\u00e9rt Olaszorsz\u00e1gban"},{"@type":"BreadcrumbList","@id":"https:\/\/strail.de\/hu\/biztonsagos-vasuti-atjaro-optimalis-vizelvezetessel\/#breadcrumb","itemListElement":[{"@type":"ListItem","position":1,"name":"Start","item":"https:\/\/strail.de\/hu\/"},{"@type":"ListItem","position":2,"name":"Biztons\u00e1gos vas\u00fati \u00e1tj\u00e1r\u00f3 optim\u00e1lis v\u00edzelvezet\u00e9ssel"}]},{"@type":"WebSite","@id":"https:\/\/strail.de\/hu\/#website","url":"https:\/\/strail.de\/hu\/","name":"KRAIBURG STRAIL","description":"","publisher":{"@id":"https:\/\/strail.de\/hu\/#organization"},"potentialAction":[{"@type":"SearchAction","target":{"@type":"EntryPoint","urlTemplate":"https:\/\/strail.de\/hu\/?s={search_term_string}"},"query-input":{"@type":"PropertyValueSpecification","valueRequired":true,"valueName":"search_term_string"}}],"inLanguage":"hu"},{"@type":"Organization","@id":"https:\/\/strail.de\/hu\/#organization","name":"KRAIBURG STRAIL","url":"https:\/\/strail.de\/hu\/","logo":{"@type":"ImageObject","inLanguage":"hu","@id":"https:\/\/strail.de\/hu\/#\/schema\/logo\/image\/","url":"https:\/\/strail.de\/wp-content\/uploads\/2025\/08\/STRAIL-Logo.svg","contentUrl":"https:\/\/strail.de\/wp-content\/uploads\/2025\/08\/STRAIL-Logo.svg","caption":"KRAIBURG STRAIL"},"image":{"@id":"https:\/\/strail.de\/hu\/#\/schema\/logo\/image\/"},"address":{"@type":"PostalAddress","addressCountry":"DE"},"location":[{"@type":"Place","name":null,"address":{"@type":"PostalAddress","addressCountry":"DE"}}]},{"@type":"Person","@id":"https:\/\/strail.de\/hu\/#\/schema\/person\/31b545e94bb06da21c3addaac831bd90","name":"Admin Carola Zattler","image":{"@type":"ImageObject","inLanguage":"hu","@id":"https:\/\/secure.gravatar.com\/avatar\/fe3f0c598629ab1a04f9e03b80ce8c6d8b6e0e6103d4eb3a6cec203aff7529e3?s=96&d=mm&r=g","url":"https:\/\/secure.gravatar.com\/avatar\/fe3f0c598629ab1a04f9e03b80ce8c6d8b6e0e6103d4eb3a6cec203aff7529e3?s=96&d=mm&r=g","contentUrl":"https:\/\/secure.gravatar.com\/avatar\/fe3f0c598629ab1a04f9e03b80ce8c6d8b6e0e6103d4eb3a6cec203aff7529e3?s=96&d=mm&r=g","caption":"Admin Carola Zattler"},"url":"https:\/\/strail.de\/hu\/author\/admin-carola-zattler\/"}]}},"_links":{"self":[{"href":"https:\/\/strail.de\/hu\/wp-json\/wp\/v2\/posts\/14676","targetHints":{"allow":["GET"]}}],"collection":[{"href":"https:\/\/strail.de\/hu\/wp-json\/wp\/v2\/posts"}],"about":[{"href":"https:\/\/strail.de\/hu\/wp-json\/wp\/v2\/types\/post"}],"author":[{"embeddable":true,"href":"https:\/\/strail.de\/hu\/wp-json\/wp\/v2\/users\/12"}],"replies":[{"embeddable":true,"href":"https:\/\/strail.de\/hu\/wp-json\/wp\/v2\/comments?post=14676"}],"version-history":[{"count":2,"href":"https:\/\/strail.de\/hu\/wp-json\/wp\/v2\/posts\/14676\/revisions"}],"predecessor-version":[{"id":14697,"href":"https:\/\/strail.de\/hu\/wp-json\/wp\/v2\/posts\/14676\/revisions\/14697"}],"wp:featuredmedia":[{"embeddable":true,"href":"https:\/\/strail.de\/hu\/wp-json\/wp\/v2\/media\/14677"}],"wp:attachment":[{"href":"https:\/\/strail.de\/hu\/wp-json\/wp\/v2\/media?parent=14676"}],"wp:term":[{"taxonomy":"category","embeddable":true,"href":"https:\/\/strail.de\/hu\/wp-json\/wp\/v2\/categories?post=14676"},{"taxonomy":"post_tag","embeddable":true,"href":"https:\/\/strail.de\/hu\/wp-json\/wp\/v2\/tags?post=14676"},{"taxonomy":"download-filter","embeddable":true,"href":"https:\/\/strail.de\/hu\/wp-json\/wp\/v2\/download-filter?post=14676"},{"taxonomy":"filter-stellenanzeigen","embeddable":true,"href":"https:\/\/strail.de\/hu\/wp-json\/wp\/v2\/filter-stellenanzeigen?post=14676"}],"curies":[{"name":"wp","href":"https:\/\/api.w.org\/{rel}","templated":true}]}}