{"id":8996,"date":"2025-11-14T09:26:19","date_gmt":"2025-11-14T08:26:19","guid":{"rendered":"https:\/\/strail.de\/?p=8996"},"modified":"2026-03-13T12:14:47","modified_gmt":"2026-03-13T11:14:47","slug":"strailastic-encapsulamiento-via-verde-aislamiento-sin-vertido","status":"publish","type":"post","link":"https:\/\/strail.de\/es\/strailastic-encapsulamiento-via-verde-aislamiento-sin-vertido\/","title":{"rendered":"V\u00eda verde con STRAILastic: Montaje r\u00e1pido, aislamiento impecable"},"content":{"rendered":"<div class=\"wp-block-group has-global-padding is-layout-constrained wp-block-group-is-layout-constrained\" style=\"margin-top:var(--wp--preset--spacing--80)\">\n<div class=\"wp-block-columns is-layout-flex wp-container-core-columns-is-layout-28f84493 wp-block-columns-is-layout-flex\">\n<div class=\"wp-block-column is-layout-flow wp-block-column-is-layout-flow\" style=\"flex-basis:33.33%\">\n<div class=\"wp-block-group refs product_img_slider- mob-1 slider-gap-16 noloop lightbox is-layout-grid wp-container-core-group-is-layout-b757edec wp-block-group-is-layout-grid\">\n<figure class=\"wp-block-image size-full\"><img decoding=\"async\" width=\"1000\" height=\"1000\" src=\"https:\/\/strail.de\/wp-content\/uploads\/2025\/11\/Rasengleis-Muenchen.jpg\" alt=\"V&#xED;a verde STRAILastic en M&#xFA;nich\" class=\"wp-image-3947\" style=\"object-fit:cover\" srcset=\"https:\/\/strail.de\/wp-content\/uploads\/2025\/11\/Rasengleis-Muenchen.jpg 1000w,  https:\/\/strail.de\/wp-content\/uploads\/2025\/11\/Rasengleis-Muenchen-300x300.jpg 300w,  https:\/\/strail.de\/wp-content\/uploads\/2025\/11\/Rasengleis-Muenchen-150x150.jpg 150w,  https:\/\/strail.de\/wp-content\/uploads\/2025\/11\/Rasengleis-Muenchen-500x500.jpg 500w\" sizes=\"(max-width: 480px) 150px, (max-width: 767px) 150px, (max-width: 1399px) 600px, (max-width: 1999px) 700px, 1000px\" \/><\/figure>\n<\/div>\n<\/div>\n\n\n\n<div class=\"wp-block-column is-layout-flow wp-block-column-is-layout-flow\" style=\"flex-basis:66.66%\"><h1 class=\"wp-block-post-title has-detailpages-heading-font-size\">V\u00eda verde con STRAILastic: Montaje r\u00e1pido, aislamiento impecable<\/h1>\n\n\n<p class=\"has-medium-font-size\">Hechos<\/p>\n\n\n\n<ul class=\"wp-block-list\">\n<li class=\"ort_icon\"><strong>Localizaci\u00f3n:<\/strong> M\u00fanich<\/li>\n\n\n\n<li class=\"zeitraum_icon\"><strong>Periodo:<\/strong> Agosto 2023<\/li>\n\n\n\n<li class=\"bauherr_icon\"><strong>Cliente:<\/strong> Stadtwerke M\u00fcnchen GmbH<\/li>\n\n\n\n<li class=\"produkte_icon\"><strong>Productos:<\/strong> STRAILastic_R<\/li>\n\n\n\n<li class=\"laenge_icon\"><strong>Longitud\/cantidad:<\/strong> 1,8 km<\/li>\n\n\n\n<li class=\"gegebenheiten_icon\"><strong>Caracter\u00edsticas:<\/strong> 41E1 &#8211; LIS 27 &#8211; SKL 14 &#8211; 1435<\/li>\n<\/ul>\n\n\n\n<hr class=\"wp-block-separator has-alpha-channel-opacity\"\/>\n\n\n\n<p class=\"has-medium-font-size\">Ventajas<\/p>\n\n\n\n<ul class=\"wp-block-list\">\n<li class=\"\">Aislamiento de corriente vagabunda seg\u00fan DIN EN 50122-2<\/li>\n\n\n\n<li class=\"\">R\u00e1pido y f\u00e1cil de instalar, incluso durante las operaciones en curso<\/li>\n\n\n\n<li class=\"\">Disponible para todos los tipos de superestructura<\/li>\n\n\n\n<li class=\"\">Las v\u00edas verdes contribuyen a reducir la contaminaci\u00f3n por part\u00edculas y a crear un microclima urbano m\u00e1s saludable<\/li>\n<\/ul>\n\n\n\n<hr class=\"wp-block-separator has-alpha-channel-opacity\"\/>\n\n\n\n<p class=\"has-medium-font-size\">Descripci\u00f3n del proyecto<\/p>\n\n\n\n<p>Tras 30 a\u00f1os en funcionamiento, la superestructura de la l\u00ednea 25 del tranv\u00eda de M\u00fanich deb\u00eda someterse a una renovaci\u00f3n integral. En un tramo de 1.880 metros (desde el Hospital de Harlaching hasta el sur de la plaza Authariplatz), se planific\u00f3 instalar una v\u00eda verde ecol\u00f3gica y est\u00e9ticamente agradable como parte de esta renovaci\u00f3n.  <\/p>\n\n\n\n<p>Stadtwerke M\u00fcnchen (SWM), la empresa de servicios p\u00fablicos de M\u00fanich, buscaba un perfil de v\u00eda verde que cumpliera con fiabilidad dos requisitos t\u00e9cnicos fundamentales:<\/p>\n\n\n\n<ol start=\"1\" class=\"wp-block-list\">\n<li class=\"\">Separaci\u00f3n clara entre los ra\u00edles Vignole y la superficie del c\u00e9sped.<\/li>\n\n\n\n<li class=\"\">Aislamiento completo de la v\u00eda contra corrientes par\u00e1sitas.<\/li>\n<\/ol>\n\n\n\n<p>Tras intensas investigaciones preliminares por parte de SWM, se eligi\u00f3 el sistema STRAILastic_R, ya que dio excelentes resultados en las pruebas y cumpl\u00eda plenamente todos los requisitos de aislamiento y separaci\u00f3n.<\/p>\n\n\n\n<p>Los perfiles se instalaron en agosto de 2023, tras los trabajos de apisonado de la empresa constructora Rhomberg Bahntechnik GmbH. La eficacia de la instalaci\u00f3n fue impresionante:  <\/p>\n\n\n\n<blockquote class=\"wp-block-quote is-layout-flow wp-block-quote-is-layout-flow\">\n<p>\u00abLa instalaci\u00f3n de los perfiles STRAILastic_R fue rapid\u00edsima, pues bastaron unos pocos golpes de martillo para fijarlos en su sitio. Adem\u00e1s, los perfiles de caucho se pueden cortar f\u00e1cilmente a medida siempre que se necesiten ajustes.\u00bb<\/p>\n\n\n\n<p>&#8211; Lukas Schober, Director de Proyectos, Rhomberg Bahntechnik GmbH<\/p>\n<\/blockquote>\n\n\n\n<p>El manejo sencillo y flexible de los perfiles de caucho repercuti\u00f3 positivamente en el progreso de la construcci\u00f3n. Una vez colocados los perfiles, el lecho de la v\u00eda qued\u00f3 perfectamente preparado el tendido de l\u00e1mina para la impermeabilizaci\u00f3n, la posterior capa de humus y el vertido de semillas de c\u00e9sped.  <\/p>\n\n\n\n<p>Al final, la obra se termin\u00f3 unos d\u00edas antes de lo previsto gracias a una instalaci\u00f3n r\u00e1pida y sin problemas.<\/p>\n\n\n\n<p>De este modo, SWM no s\u00f3lo recibi\u00f3 una v\u00eda verde perfectamente aislada y est\u00e9ticamente agradable, sino que tambi\u00e9n se benefici\u00f3 del considerable ahorro de tiempo durante la instalaci\u00f3n.<\/p>\n\n\n\n<div class=\"wp-block-group product_img_slider- mob-1 tab-2 desk-3 slider-gap-16 noloop lightbox is-layout-grid wp-container-core-group-is-layout-acc8bb78 wp-block-group-is-layout-grid\">\n<figure class=\"wp-block-image size-full\"><img decoding=\"async\" width=\"1000\" height=\"1000\" src=\"https:\/\/strail.de\/wp-content\/uploads\/2025\/11\/Rasengleis-Muenchen-Einbau-Profile.jpg\" alt=\"Instalaci&#xF3;n de perfiles de encapsulamiento en una v&#xED;a verde en M&#xFA;nich\" class=\"wp-image-3945\" style=\"aspect-ratio:1;object-fit:cover\" srcset=\"https:\/\/strail.de\/wp-content\/uploads\/2025\/11\/Rasengleis-Muenchen-Einbau-Profile.jpg 1000w,  https:\/\/strail.de\/wp-content\/uploads\/2025\/11\/Rasengleis-Muenchen-Einbau-Profile-300x300.jpg 300w,  https:\/\/strail.de\/wp-content\/uploads\/2025\/11\/Rasengleis-Muenchen-Einbau-Profile-150x150.jpg 150w,  https:\/\/strail.de\/wp-content\/uploads\/2025\/11\/Rasengleis-Muenchen-Einbau-Profile-500x500.jpg 500w\" sizes=\"(max-width: 480px) 150px, (max-width: 767px) 150px, (max-width: 1399px) 600px, (max-width: 1999px) 700px, 1000px\" \/><\/figure>\n\n\n\n<figure class=\"wp-block-image size-full wp-container-content-e269605d\"><img decoding=\"async\" width=\"1000\" height=\"1000\" src=\"https:\/\/strail.de\/wp-content\/uploads\/2025\/11\/Rasengleis-Muenchen-Anpassung-Profile.jpg\" alt=\"Manipulaci&#xF3;n con motosierra de un perfil STRAILastic para una v&#xED;a verde en M&#xFA;nich\" class=\"wp-image-3942\" style=\"aspect-ratio:1;object-fit:cover\" srcset=\"https:\/\/strail.de\/wp-content\/uploads\/2025\/11\/Rasengleis-Muenchen-Anpassung-Profile.jpg 1000w,  https:\/\/strail.de\/wp-content\/uploads\/2025\/11\/Rasengleis-Muenchen-Anpassung-Profile-300x300.jpg 300w,  https:\/\/strail.de\/wp-content\/uploads\/2025\/11\/Rasengleis-Muenchen-Anpassung-Profile-150x150.jpg 150w,  https:\/\/strail.de\/wp-content\/uploads\/2025\/11\/Rasengleis-Muenchen-Anpassung-Profile-500x500.jpg 500w\" sizes=\"(max-width: 480px) 150px, (max-width: 767px) 150px, (max-width: 1399px) 600px, (max-width: 1999px) 700px, 1000px\" \/><\/figure>\n\n\n\n<figure class=\"wp-block-image size-full\"><img decoding=\"async\" width=\"1000\" height=\"1000\" src=\"https:\/\/strail.de\/wp-content\/uploads\/2025\/11\/Rasengleis-Muenchen-Einbau-Profile-Detailansicht.jpg\" alt=\"V&#xED;a verde M&#xFA;nich Instalaci&#xF3;n de perfiles con martillo\" class=\"wp-image-3944\" style=\"aspect-ratio:1;object-fit:cover\" srcset=\"https:\/\/strail.de\/wp-content\/uploads\/2025\/11\/Rasengleis-Muenchen-Einbau-Profile-Detailansicht.jpg 1000w,  https:\/\/strail.de\/wp-content\/uploads\/2025\/11\/Rasengleis-Muenchen-Einbau-Profile-Detailansicht-300x300.jpg 300w,  https:\/\/strail.de\/wp-content\/uploads\/2025\/11\/Rasengleis-Muenchen-Einbau-Profile-Detailansicht-150x150.jpg 150w,  https:\/\/strail.de\/wp-content\/uploads\/2025\/11\/Rasengleis-Muenchen-Einbau-Profile-Detailansicht-500x500.jpg 500w\" sizes=\"(max-width: 480px) 150px, (max-width: 767px) 150px, (max-width: 1399px) 600px, (max-width: 1999px) 700px, 1000px\" \/><\/figure>\n\n\n\n<figure class=\"wp-block-image size-full\"><img decoding=\"async\" width=\"1000\" height=\"1000\" src=\"https:\/\/strail.de\/wp-content\/uploads\/2025\/11\/Rasengleis-Muenchen-fertige-Profile.jpg\" alt=\"V&#xED;a verde perfiles STRAILastic instalados en M&#xFA;nich\" class=\"wp-image-3946\" style=\"aspect-ratio:1;object-fit:cover\" srcset=\"https:\/\/strail.de\/wp-content\/uploads\/2025\/11\/Rasengleis-Muenchen-fertige-Profile.jpg 1000w,  https:\/\/strail.de\/wp-content\/uploads\/2025\/11\/Rasengleis-Muenchen-fertige-Profile-300x300.jpg 300w,  https:\/\/strail.de\/wp-content\/uploads\/2025\/11\/Rasengleis-Muenchen-fertige-Profile-150x150.jpg 150w,  https:\/\/strail.de\/wp-content\/uploads\/2025\/11\/Rasengleis-Muenchen-fertige-Profile-500x500.jpg 500w\" sizes=\"(max-width: 480px) 150px, (max-width: 767px) 150px, (max-width: 1399px) 600px, (max-width: 1999px) 700px, 1000px\" \/><\/figure>\n\n\n\n<figure class=\"wp-block-image size-full\"><img decoding=\"async\" width=\"1000\" height=\"1000\" src=\"https:\/\/strail.de\/wp-content\/uploads\/2025\/11\/Rasengleis-Muenchen-Ausbringung-Vlies.jpg\" alt=\"V&#xED;a verde Munich preparando la Impermeabilizaci&#xF3;n\" class=\"wp-image-3943\" style=\"aspect-ratio:1;object-fit:cover\" srcset=\"https:\/\/strail.de\/wp-content\/uploads\/2025\/11\/Rasengleis-Muenchen-Ausbringung-Vlies.jpg 1000w,  https:\/\/strail.de\/wp-content\/uploads\/2025\/11\/Rasengleis-Muenchen-Ausbringung-Vlies-300x300.jpg 300w,  https:\/\/strail.de\/wp-content\/uploads\/2025\/11\/Rasengleis-Muenchen-Ausbringung-Vlies-150x150.jpg 150w,  https:\/\/strail.de\/wp-content\/uploads\/2025\/11\/Rasengleis-Muenchen-Ausbringung-Vlies-500x500.jpg 500w\" sizes=\"(max-width: 480px) 150px, (max-width: 767px) 150px, (max-width: 1399px) 600px, (max-width: 1999px) 700px, 1000px\" \/><\/figure>\n<\/div>\n<\/div>\n<\/div>\n<\/div>\n\n<div class=\"wp-block-group has-global-padding is-layout-constrained wp-block-group-is-layout-constrained\">\n<figure class=\"wp-block-video\"><video height=\"1080\" style=\"aspect-ratio: 1920 \/ 1080;\" width=\"1920\" autoplay=\"\" controls=\"\" muted=\"\" src=\"https:\/\/strail.de\/wp-content\/uploads\/2025\/11\/STRAILastic-R-Munich-final.mp4\"><\/video><\/figure>\n<\/div>","protected":false},"excerpt":{"rendered":"<p>Hechos Ventajas Descripci\u00f3n del proyecto Tras 30 a\u00f1os en funcionamiento, la superestructura de la l\u00ednea 25 del tranv\u00eda de M\u00fanich deb\u00eda someterse a una renovaci\u00f3n integral. En un tramo de 1.880 metros (desde el Hospital de Harlaching hasta el sur de la plaza Authariplatz), se planific\u00f3 instalar una v\u00eda verde ecol\u00f3gica y est\u00e9ticamente agradable como [&hellip;]<\/p>","protected":false},"author":12,"featured_media":8997,"comment_status":"closed","ping_status":"closed","sticky":false,"template":"","format":"standard","meta":{"_acf_changed":false,"_expiration_date":"","footnotes":""},"categories":[893],"tags":[],"download-filter":[907,913],"filter-stellenanzeigen":[],"class_list":["post-8996","post","type-post","status-publish","format-standard","has-post-thumbnail","hentry","category-referencias"],"acf":[],"yoast_head":"<!-- This site is optimized with the Yoast SEO plugin v27.2 - https:\/\/yoast.com\/product\/yoast-seo-wordpress\/ -->\n<title>V\u00eda verde con STRAILastic: Montaje r\u00e1pido, aislamiento impecable - KRAIBURG STRAIL<\/title>\n<meta name=\"description\" content=\"Durante la remodelaci\u00f3n de la l\u00ednea 25 del tranv\u00eda de M\u00fanich, Stadtwerke M\u00fcnchen instal\u00f3 1.880 metros de v\u00eda verde. Descubre c\u00f3mo el perfil STRAILastic_R no s\u00f3lo cumpli\u00f3 los estrictos requisitos de aislamiento de corrientes vagabundas, sino que, gracias a su r\u00e1pida y sencilla instalaci\u00f3n, ayud\u00f3 a que el proyecto se completara antes de lo previsto.\" \/>\n<meta name=\"robots\" content=\"index, follow, max-snippet:-1, max-image-preview:large, max-video-preview:-1\" \/>\n<link rel=\"canonical\" href=\"https:\/\/strail.de\/es\/strailastic-encapsulamiento-via-verde-aislamiento-sin-vertido\/\" \/>\n<meta property=\"og:locale\" content=\"es_ES\" \/>\n<meta property=\"og:type\" content=\"article\" \/>\n<meta property=\"og:title\" content=\"V\u00eda verde con STRAILastic: Montaje r\u00e1pido, aislamiento impecable - KRAIBURG STRAIL\" \/>\n<meta property=\"og:description\" content=\"Durante la remodelaci\u00f3n de la l\u00ednea 25 del tranv\u00eda de M\u00fanich, Stadtwerke M\u00fcnchen instal\u00f3 1.880 metros de v\u00eda verde. Descubre c\u00f3mo el perfil STRAILastic_R no s\u00f3lo cumpli\u00f3 los estrictos requisitos de aislamiento de corrientes vagabundas, sino que, gracias a su r\u00e1pida y sencilla instalaci\u00f3n, ayud\u00f3 a que el proyecto se completara antes de lo previsto.\" \/>\n<meta property=\"og:url\" content=\"https:\/\/strail.de\/es\/strailastic-encapsulamiento-via-verde-aislamiento-sin-vertido\/\" \/>\n<meta property=\"og:site_name\" content=\"KRAIBURG STRAIL\" \/>\n<meta property=\"article:published_time\" content=\"2025-11-14T08:26:19+00:00\" \/>\n<meta property=\"article:modified_time\" content=\"2026-03-13T11:14:47+00:00\" \/>\n<meta property=\"og:image\" content=\"https:\/\/strail.de\/wp-content\/uploads\/2025\/11\/Rasengleis-Muenchen.jpg\" \/>\n\t<meta property=\"og:image:width\" content=\"1000\" \/>\n\t<meta property=\"og:image:height\" content=\"1000\" \/>\n\t<meta property=\"og:image:type\" content=\"image\/jpeg\" \/>\n<meta name=\"author\" content=\"Admin Carola Zattler\" \/>\n<meta name=\"twitter:card\" content=\"summary_large_image\" \/>\n<meta name=\"twitter:label1\" content=\"Escrito por\" \/>\n\t<meta name=\"twitter:data1\" content=\"Admin Carola Zattler\" \/>\n\t<meta name=\"twitter:label2\" content=\"Tiempo de lectura\" \/>\n\t<meta name=\"twitter:data2\" content=\"2 minutos\" \/>\n<script type=\"application\/ld+json\" class=\"yoast-schema-graph\">{\"@context\":\"https:\/\/schema.org\",\"@graph\":[{\"@type\":\"Article\",\"@id\":\"https:\/\/strail.de\/es\/strailastic-encapsulamiento-via-verde-aislamiento-sin-vertido\/#article\",\"isPartOf\":{\"@id\":\"https:\/\/strail.de\/es\/strailastic-encapsulamiento-via-verde-aislamiento-sin-vertido\/\"},\"author\":{\"name\":\"Admin Carola Zattler\",\"@id\":\"https:\/\/strail.de\/es\/#\/schema\/person\/6d3d8db02310e6a979cfbbc82c65eb32\"},\"headline\":\"V\u00eda verde con STRAILastic: Montaje r\u00e1pido, aislamiento impecable\",\"datePublished\":\"2025-11-14T08:26:19+00:00\",\"dateModified\":\"2026-03-13T11:14:47+00:00\",\"mainEntityOfPage\":{\"@id\":\"https:\/\/strail.de\/es\/strailastic-encapsulamiento-via-verde-aislamiento-sin-vertido\/\"},\"wordCount\":428,\"publisher\":{\"@id\":\"https:\/\/strail.de\/es\/#organization\"},\"image\":{\"@id\":\"https:\/\/strail.de\/es\/strailastic-encapsulamiento-via-verde-aislamiento-sin-vertido\/#primaryimage\"},\"thumbnailUrl\":\"https:\/\/strail.de\/wp-content\/uploads\/2025\/11\/Rasengleis-Muenchen.jpg\",\"articleSection\":[\"Referencias\"],\"inLanguage\":\"es\"},{\"@type\":\"WebPage\",\"@id\":\"https:\/\/strail.de\/es\/strailastic-encapsulamiento-via-verde-aislamiento-sin-vertido\/\",\"url\":\"https:\/\/strail.de\/es\/strailastic-encapsulamiento-via-verde-aislamiento-sin-vertido\/\",\"name\":\"V\u00eda verde con STRAILastic: Montaje r\u00e1pido, aislamiento impecable - KRAIBURG STRAIL\",\"isPartOf\":{\"@id\":\"https:\/\/strail.de\/es\/#website\"},\"primaryImageOfPage\":{\"@id\":\"https:\/\/strail.de\/es\/strailastic-encapsulamiento-via-verde-aislamiento-sin-vertido\/#primaryimage\"},\"image\":{\"@id\":\"https:\/\/strail.de\/es\/strailastic-encapsulamiento-via-verde-aislamiento-sin-vertido\/#primaryimage\"},\"thumbnailUrl\":\"https:\/\/strail.de\/wp-content\/uploads\/2025\/11\/Rasengleis-Muenchen.jpg\",\"datePublished\":\"2025-11-14T08:26:19+00:00\",\"dateModified\":\"2026-03-13T11:14:47+00:00\",\"description\":\"Durante la remodelaci\u00f3n de la l\u00ednea 25 del tranv\u00eda de M\u00fanich, Stadtwerke M\u00fcnchen instal\u00f3 1.880 metros de v\u00eda verde. Descubre c\u00f3mo el perfil STRAILastic_R no s\u00f3lo cumpli\u00f3 los estrictos requisitos de aislamiento de corrientes vagabundas, sino que, gracias a su r\u00e1pida y sencilla instalaci\u00f3n, ayud\u00f3 a que el proyecto se completara antes de lo previsto.\",\"breadcrumb\":{\"@id\":\"https:\/\/strail.de\/es\/strailastic-encapsulamiento-via-verde-aislamiento-sin-vertido\/#breadcrumb\"},\"inLanguage\":\"es\",\"potentialAction\":[{\"@type\":\"ReadAction\",\"target\":[\"https:\/\/strail.de\/es\/strailastic-encapsulamiento-via-verde-aislamiento-sin-vertido\/\"]}]},{\"@type\":\"ImageObject\",\"inLanguage\":\"es\",\"@id\":\"https:\/\/strail.de\/es\/strailastic-encapsulamiento-via-verde-aislamiento-sin-vertido\/#primaryimage\",\"url\":\"https:\/\/strail.de\/wp-content\/uploads\/2025\/11\/Rasengleis-Muenchen.jpg\",\"contentUrl\":\"https:\/\/strail.de\/wp-content\/uploads\/2025\/11\/Rasengleis-Muenchen.jpg\",\"width\":1000,\"height\":1000,\"caption\":\"Green track Munich\"},{\"@type\":\"BreadcrumbList\",\"@id\":\"https:\/\/strail.de\/es\/strailastic-encapsulamiento-via-verde-aislamiento-sin-vertido\/#breadcrumb\",\"itemListElement\":[{\"@type\":\"ListItem\",\"position\":1,\"name\":\"Start\",\"item\":\"https:\/\/strail.de\/es\/\"},{\"@type\":\"ListItem\",\"position\":2,\"name\":\"V\u00eda verde con STRAILastic: Montaje r\u00e1pido, aislamiento impecable\"}]},{\"@type\":\"WebSite\",\"@id\":\"https:\/\/strail.de\/es\/#website\",\"url\":\"https:\/\/strail.de\/es\/\",\"name\":\"KRAIBURG STRAIL\",\"description\":\"\",\"publisher\":{\"@id\":\"https:\/\/strail.de\/es\/#organization\"},\"potentialAction\":[{\"@type\":\"SearchAction\",\"target\":{\"@type\":\"EntryPoint\",\"urlTemplate\":\"https:\/\/strail.de\/es\/?s={search_term_string}\"},\"query-input\":{\"@type\":\"PropertyValueSpecification\",\"valueRequired\":true,\"valueName\":\"search_term_string\"}}],\"inLanguage\":\"es\"},{\"@type\":\"Organization\",\"@id\":\"https:\/\/strail.de\/es\/#organization\",\"name\":\"KRAIBURG STRAIL\",\"url\":\"https:\/\/strail.de\/es\/\",\"logo\":{\"@type\":\"ImageObject\",\"inLanguage\":\"es\",\"@id\":\"https:\/\/strail.de\/es\/#\/schema\/logo\/image\/\",\"url\":\"https:\/\/strail.de\/wp-content\/uploads\/2025\/08\/STRAIL-Logo.svg\",\"contentUrl\":\"https:\/\/strail.de\/wp-content\/uploads\/2025\/08\/STRAIL-Logo.svg\",\"caption\":\"KRAIBURG STRAIL\"},\"image\":{\"@id\":\"https:\/\/strail.de\/es\/#\/schema\/logo\/image\/\"},\"address\":{\"@type\":\"PostalAddress\",\"addressCountry\":\"DE\"},\"location\":[{\"@type\":\"Place\",\"name\":null,\"address\":{\"@type\":\"PostalAddress\",\"addressCountry\":\"DE\"}}]},{\"@type\":\"Person\",\"@id\":\"https:\/\/strail.de\/es\/#\/schema\/person\/6d3d8db02310e6a979cfbbc82c65eb32\",\"name\":\"Admin Carola Zattler\",\"image\":{\"@type\":\"ImageObject\",\"inLanguage\":\"es\",\"@id\":\"https:\/\/strail.de\/wp-content\/litespeed\/avatar\/bdab45d596e5aaa07dbf3587b5742ae7.jpg?ver=1776906771\",\"url\":\"https:\/\/strail.de\/wp-content\/litespeed\/avatar\/bdab45d596e5aaa07dbf3587b5742ae7.jpg?ver=1776906771\",\"contentUrl\":\"https:\/\/strail.de\/wp-content\/litespeed\/avatar\/bdab45d596e5aaa07dbf3587b5742ae7.jpg?ver=1776906771\",\"caption\":\"Admin Carola Zattler\"},\"url\":\"https:\/\/strail.de\/es\/author\/admin-carola-zattler\/\"}]}<\/script>\n<!-- \/ Yoast SEO plugin. -->","yoast_head_json":{"title":"V\u00eda verde con STRAILastic: Montaje r\u00e1pido, aislamiento impecable - KRAIBURG STRAIL","description":"Durante la remodelaci\u00f3n de la l\u00ednea 25 del tranv\u00eda de M\u00fanich, Stadtwerke M\u00fcnchen instal\u00f3 1.880 metros de v\u00eda verde. Descubre c\u00f3mo el perfil STRAILastic_R no s\u00f3lo cumpli\u00f3 los estrictos requisitos de aislamiento de corrientes vagabundas, sino que, gracias a su r\u00e1pida y sencilla instalaci\u00f3n, ayud\u00f3 a que el proyecto se completara antes de lo previsto.","robots":{"index":"index","follow":"follow","max-snippet":"max-snippet:-1","max-image-preview":"max-image-preview:large","max-video-preview":"max-video-preview:-1"},"canonical":"https:\/\/strail.de\/es\/strailastic-encapsulamiento-via-verde-aislamiento-sin-vertido\/","og_locale":"es_ES","og_type":"article","og_title":"V\u00eda verde con STRAILastic: Montaje r\u00e1pido, aislamiento impecable - KRAIBURG STRAIL","og_description":"Durante la remodelaci\u00f3n de la l\u00ednea 25 del tranv\u00eda de M\u00fanich, Stadtwerke M\u00fcnchen instal\u00f3 1.880 metros de v\u00eda verde. Descubre c\u00f3mo el perfil STRAILastic_R no s\u00f3lo cumpli\u00f3 los estrictos requisitos de aislamiento de corrientes vagabundas, sino que, gracias a su r\u00e1pida y sencilla instalaci\u00f3n, ayud\u00f3 a que el proyecto se completara antes de lo previsto.","og_url":"https:\/\/strail.de\/es\/strailastic-encapsulamiento-via-verde-aislamiento-sin-vertido\/","og_site_name":"KRAIBURG STRAIL","article_published_time":"2025-11-14T08:26:19+00:00","article_modified_time":"2026-03-13T11:14:47+00:00","og_image":[{"width":1000,"height":1000,"url":"https:\/\/strail.de\/wp-content\/uploads\/2025\/11\/Rasengleis-Muenchen.jpg","type":"image\/jpeg"}],"author":"Admin Carola Zattler","twitter_card":"summary_large_image","twitter_misc":{"Escrito por":"Admin Carola Zattler","Tiempo de lectura":"2 minutos"},"schema":{"@context":"https:\/\/schema.org","@graph":[{"@type":"Article","@id":"https:\/\/strail.de\/es\/strailastic-encapsulamiento-via-verde-aislamiento-sin-vertido\/#article","isPartOf":{"@id":"https:\/\/strail.de\/es\/strailastic-encapsulamiento-via-verde-aislamiento-sin-vertido\/"},"author":{"name":"Admin Carola Zattler","@id":"https:\/\/strail.de\/es\/#\/schema\/person\/6d3d8db02310e6a979cfbbc82c65eb32"},"headline":"V\u00eda verde con STRAILastic: Montaje r\u00e1pido, aislamiento impecable","datePublished":"2025-11-14T08:26:19+00:00","dateModified":"2026-03-13T11:14:47+00:00","mainEntityOfPage":{"@id":"https:\/\/strail.de\/es\/strailastic-encapsulamiento-via-verde-aislamiento-sin-vertido\/"},"wordCount":428,"publisher":{"@id":"https:\/\/strail.de\/es\/#organization"},"image":{"@id":"https:\/\/strail.de\/es\/strailastic-encapsulamiento-via-verde-aislamiento-sin-vertido\/#primaryimage"},"thumbnailUrl":"https:\/\/strail.de\/wp-content\/uploads\/2025\/11\/Rasengleis-Muenchen.jpg","articleSection":["Referencias"],"inLanguage":"es"},{"@type":"WebPage","@id":"https:\/\/strail.de\/es\/strailastic-encapsulamiento-via-verde-aislamiento-sin-vertido\/","url":"https:\/\/strail.de\/es\/strailastic-encapsulamiento-via-verde-aislamiento-sin-vertido\/","name":"V\u00eda verde con STRAILastic: Montaje r\u00e1pido, aislamiento impecable - KRAIBURG STRAIL","isPartOf":{"@id":"https:\/\/strail.de\/es\/#website"},"primaryImageOfPage":{"@id":"https:\/\/strail.de\/es\/strailastic-encapsulamiento-via-verde-aislamiento-sin-vertido\/#primaryimage"},"image":{"@id":"https:\/\/strail.de\/es\/strailastic-encapsulamiento-via-verde-aislamiento-sin-vertido\/#primaryimage"},"thumbnailUrl":"https:\/\/strail.de\/wp-content\/uploads\/2025\/11\/Rasengleis-Muenchen.jpg","datePublished":"2025-11-14T08:26:19+00:00","dateModified":"2026-03-13T11:14:47+00:00","description":"Durante la remodelaci\u00f3n de la l\u00ednea 25 del tranv\u00eda de M\u00fanich, Stadtwerke M\u00fcnchen instal\u00f3 1.880 metros de v\u00eda verde. Descubre c\u00f3mo el perfil STRAILastic_R no s\u00f3lo cumpli\u00f3 los estrictos requisitos de aislamiento de corrientes vagabundas, sino que, gracias a su r\u00e1pida y sencilla instalaci\u00f3n, ayud\u00f3 a que el proyecto se completara antes de lo previsto.","breadcrumb":{"@id":"https:\/\/strail.de\/es\/strailastic-encapsulamiento-via-verde-aislamiento-sin-vertido\/#breadcrumb"},"inLanguage":"es","potentialAction":[{"@type":"ReadAction","target":["https:\/\/strail.de\/es\/strailastic-encapsulamiento-via-verde-aislamiento-sin-vertido\/"]}]},{"@type":"ImageObject","inLanguage":"es","@id":"https:\/\/strail.de\/es\/strailastic-encapsulamiento-via-verde-aislamiento-sin-vertido\/#primaryimage","url":"https:\/\/strail.de\/wp-content\/uploads\/2025\/11\/Rasengleis-Muenchen.jpg","contentUrl":"https:\/\/strail.de\/wp-content\/uploads\/2025\/11\/Rasengleis-Muenchen.jpg","width":1000,"height":1000,"caption":"Green track Munich"},{"@type":"BreadcrumbList","@id":"https:\/\/strail.de\/es\/strailastic-encapsulamiento-via-verde-aislamiento-sin-vertido\/#breadcrumb","itemListElement":[{"@type":"ListItem","position":1,"name":"Start","item":"https:\/\/strail.de\/es\/"},{"@type":"ListItem","position":2,"name":"V\u00eda verde con STRAILastic: Montaje r\u00e1pido, aislamiento impecable"}]},{"@type":"WebSite","@id":"https:\/\/strail.de\/es\/#website","url":"https:\/\/strail.de\/es\/","name":"KRAIBURG STRAIL","description":"","publisher":{"@id":"https:\/\/strail.de\/es\/#organization"},"potentialAction":[{"@type":"SearchAction","target":{"@type":"EntryPoint","urlTemplate":"https:\/\/strail.de\/es\/?s={search_term_string}"},"query-input":{"@type":"PropertyValueSpecification","valueRequired":true,"valueName":"search_term_string"}}],"inLanguage":"es"},{"@type":"Organization","@id":"https:\/\/strail.de\/es\/#organization","name":"KRAIBURG STRAIL","url":"https:\/\/strail.de\/es\/","logo":{"@type":"ImageObject","inLanguage":"es","@id":"https:\/\/strail.de\/es\/#\/schema\/logo\/image\/","url":"https:\/\/strail.de\/wp-content\/uploads\/2025\/08\/STRAIL-Logo.svg","contentUrl":"https:\/\/strail.de\/wp-content\/uploads\/2025\/08\/STRAIL-Logo.svg","caption":"KRAIBURG STRAIL"},"image":{"@id":"https:\/\/strail.de\/es\/#\/schema\/logo\/image\/"},"address":{"@type":"PostalAddress","addressCountry":"DE"},"location":[{"@type":"Place","name":null,"address":{"@type":"PostalAddress","addressCountry":"DE"}}]},{"@type":"Person","@id":"https:\/\/strail.de\/es\/#\/schema\/person\/6d3d8db02310e6a979cfbbc82c65eb32","name":"Admin Carola Zattler","image":{"@type":"ImageObject","inLanguage":"es","@id":"https:\/\/strail.de\/wp-content\/litespeed\/avatar\/bdab45d596e5aaa07dbf3587b5742ae7.jpg?ver=1776906771","url":"https:\/\/strail.de\/wp-content\/litespeed\/avatar\/bdab45d596e5aaa07dbf3587b5742ae7.jpg?ver=1776906771","contentUrl":"https:\/\/strail.de\/wp-content\/litespeed\/avatar\/bdab45d596e5aaa07dbf3587b5742ae7.jpg?ver=1776906771","caption":"Admin Carola Zattler"},"url":"https:\/\/strail.de\/es\/author\/admin-carola-zattler\/"}]}},"_links":{"self":[{"href":"https:\/\/strail.de\/es\/wp-json\/wp\/v2\/posts\/8996","targetHints":{"allow":["GET"]}}],"collection":[{"href":"https:\/\/strail.de\/es\/wp-json\/wp\/v2\/posts"}],"about":[{"href":"https:\/\/strail.de\/es\/wp-json\/wp\/v2\/types\/post"}],"author":[{"embeddable":true,"href":"https:\/\/strail.de\/es\/wp-json\/wp\/v2\/users\/12"}],"replies":[{"embeddable":true,"href":"https:\/\/strail.de\/es\/wp-json\/wp\/v2\/comments?post=8996"}],"version-history":[{"count":3,"href":"https:\/\/strail.de\/es\/wp-json\/wp\/v2\/posts\/8996\/revisions"}],"predecessor-version":[{"id":9248,"href":"https:\/\/strail.de\/es\/wp-json\/wp\/v2\/posts\/8996\/revisions\/9248"}],"wp:featuredmedia":[{"embeddable":true,"href":"https:\/\/strail.de\/es\/wp-json\/wp\/v2\/media\/8997"}],"wp:attachment":[{"href":"https:\/\/strail.de\/es\/wp-json\/wp\/v2\/media?parent=8996"}],"wp:term":[{"taxonomy":"category","embeddable":true,"href":"https:\/\/strail.de\/es\/wp-json\/wp\/v2\/categories?post=8996"},{"taxonomy":"post_tag","embeddable":true,"href":"https:\/\/strail.de\/es\/wp-json\/wp\/v2\/tags?post=8996"},{"taxonomy":"download-filter","embeddable":true,"href":"https:\/\/strail.de\/es\/wp-json\/wp\/v2\/download-filter?post=8996"},{"taxonomy":"filter-stellenanzeigen","embeddable":true,"href":"https:\/\/strail.de\/es\/wp-json\/wp\/v2\/filter-stellenanzeigen?post=8996"}],"curies":[{"name":"wp","href":"https:\/\/api.w.org\/{rel}","templated":true}]}}